{"id":2454,"date":"2024-10-24T12:58:41","date_gmt":"2024-10-24T10:58:41","guid":{"rendered":"https:\/\/cmcibe.eu\/2024\/10\/developpement-economique-le-souss-massa-lance-un-appel-aux-investisseurs\/"},"modified":"2024-10-30T11:08:33","modified_gmt":"2024-10-30T09:08:33","slug":"developpement-economique-le-souss-massa-lance-un-appel-aux-investisseurs","status":"publish","type":"post","link":"https:\/\/cmcibe.eu\/en\/2024\/10\/developpement-economique-le-souss-massa-lance-un-appel-aux-investisseurs\/","title":{"rendered":"D\u00e9veloppement \u00e9conomique : Le Souss Massa lance un appel aux investisseurs"},"content":{"rendered":"<div style=\"margin-top: 0px; margin-bottom: 0px;\" class=\"sharethis-inline-share-buttons\" ><\/div><p>La r\u00e9gion Souss Massa a amorc\u00e9 une dynamique industrielle marqu\u00e9e par le d\u00e9veloppement de parcs industriels de nouvelle g\u00e9n\u00e9ration. Pour devenir un hub industriel de premier plan, elle doit valoriser ses atouts aupr\u00e8s des investisseurs. La conf\u00e9rence \u00ab Back to Business \u00bb, organis\u00e9e par le Centre r\u00e9gional d\u2019investissement (CRI), a mis en avant les opportunit\u00e9s d\u2019investissement locales, rassemblant divers acteurs pour mobiliser des ressources et encourager l&#8217;investissement.<\/p>\n<p>&nbsp;<\/p>\n<p>Saaid Amzazi, wali du Souss Massa, a rappel\u00e9 l\u2019importance des Hautes Orientations Royales, notamment celles prononc\u00e9es par Sa Majest\u00e9 le Roi Mohammed VI, soulignant le r\u00f4le de tous les acteurs pour dynamiser ce secteur crucial. Malgr\u00e9 les d\u00e9fis de la pand\u00e9mie, les projets d\u2019investissement dans les nouvelles zones industrielles ont \u00e9t\u00e9 maintenus. L&#8217;autorit\u00e9 locale met en \u0153uvre la nouvelle charte d\u2019investissement, visant \u00e0 attirer des capitaux vers les secteurs prioritaires et r\u00e9duire les in\u00e9galit\u00e9s r\u00e9gionales.<\/p>\n<p>&nbsp;<\/p>\n<p>Des mesures incitatives, comme les primes au foncier et \u00e0 l&#8217;emploi, renforcent l&#8217;attrait d&#8217;Agadir et de sa r\u00e9gion, soutenues par des projets structurants, comme le programme de d\u00e9veloppement urbain et la station Taghazout Bay. Le lancement de \u00ab Master Plans \u00bb pour le foncier vise \u00e0 moderniser les infrastructures et \u00e0 faciliter l\u2019implantation des investisseurs.<\/p>\n<p>&nbsp;<\/p>\n<p>Les acteurs \u00e9conomiques r\u00e9clament \u00e9galement une meilleure connectivit\u00e9, des infrastructures logistiques, et une plus grande rapidit\u00e9 dans les proc\u00e9dures administratives. Le projet de port sec, essentiel pour l\u2019exportation et la d\u00e9carbonation, est au c\u0153ur des attentes. Souss Massa aspire \u00e0 devenir un hub africain, cr\u00e9ant des emplois et attirant de nouvelles fili\u00e8res industrielles pour renforcer son d\u00e9veloppement.<\/p>\n","protected":false},"excerpt":{"rendered":"<p>La r\u00e9gion Souss Massa a amorc\u00e9 une dynamique industrielle marqu\u00e9e par le d\u00e9veloppement de parcs industriels de nouvelle g\u00e9n\u00e9ration. Pour devenir un hub industriel de premier plan, elle doit valoriser ses atouts aupr\u00e8s des investisseurs. La conf\u00e9rence \u00ab Back to Business \u00bb, organis\u00e9e par le Centre r\u00e9gional d\u2019investissement (CRI), a mis en avant les opportunit\u00e9s [&hellip;]<\/p>\n","protected":false},"author":2,"featured_media":2447,"comment_status":"closed","ping_status":"closed","sticky":false,"template":"","format":"standard","meta":{"_acf_changed":false,"footnotes":""},"categories":[16],"tags":[],"class_list":["post-2454","post","type-post","status-publish","format-standard","has-post-thumbnail","hentry","category-actualites-en"],"acf":[],"yoast_head":"<!-- This site is optimized with the Yoast SEO plugin v27.4 - https:\/\/yoast.com\/product\/yoast-seo-wordpress\/ -->\n<title>D\u00e9veloppement \u00e9conomique : Le Souss Massa lance un appel aux investisseurs - CMCIBE<\/title>\n<meta name=\"description\" content=\"D\u00e9veloppement \u00e9conomique : Le Souss Massa lance un appel aux investisseurs | Actualit\u00e9s - La Chambre Marocaine de Commerce &amp; d\u2019Industrie BE\" \/>\n<meta name=\"robots\" content=\"index, follow, max-snippet:-1, max-image-preview:large, max-video-preview:-1\" \/>\n<link rel=\"canonical\" href=\"https:\/\/cmcibe.eu\/en\/2024\/10\/developpement-economique-le-souss-massa-lance-un-appel-aux-investisseurs\/\" \/>\n<meta property=\"og:locale\" content=\"en_US\" \/>\n<meta property=\"og:type\" content=\"article\" \/>\n<meta property=\"og:title\" content=\"D\u00e9veloppement \u00e9conomique : Le Souss Massa lance un appel aux investisseurs - CMCIBE\" \/>\n<meta property=\"og:description\" content=\"D\u00e9veloppement \u00e9conomique : Le Souss Massa lance un appel aux investisseurs | Actualit\u00e9s - La Chambre Marocaine de Commerce &amp; d\u2019Industrie BE\" \/>\n<meta property=\"og:url\" content=\"https:\/\/cmcibe.eu\/en\/2024\/10\/developpement-economique-le-souss-massa-lance-un-appel-aux-investisseurs\/\" \/>\n<meta property=\"og:site_name\" content=\"CMCIBE\" \/>\n<meta property=\"article:published_time\" content=\"2024-10-24T10:58:41+00:00\" \/>\n<meta property=\"article:modified_time\" content=\"2024-10-30T09:08:33+00:00\" \/>\n<meta property=\"og:image\" content=\"https:\/\/cmcibe.eu\/wp-content\/uploads\/2024\/10\/developpement-economique-le-souss-massa-lance-un-appel-aux-investisseurs.jpg\" \/>\n\t<meta property=\"og:image:width\" content=\"1080\" \/>\n\t<meta property=\"og:image:height\" content=\"1080\" \/>\n\t<meta property=\"og:image:type\" content=\"image\/jpeg\" \/>\n<meta name=\"author\" content=\"Gadiros Consulting\" \/>\n<meta name=\"twitter:card\" content=\"summary_large_image\" \/>\n<meta name=\"twitter:label1\" content=\"Written by\" \/>\n\t<meta name=\"twitter:data1\" content=\"Gadiros Consulting\" \/>\n\t<meta name=\"twitter:label2\" content=\"Est. reading time\" \/>\n\t<meta name=\"twitter:data2\" content=\"2 minutes\" \/>\n<script type=\"application\/ld+json\" class=\"yoast-schema-graph\">{\"@context\":\"https:\\\/\\\/schema.org\",\"@graph\":[{\"@type\":\"Article\",\"@id\":\"https:\\\/\\\/cmcibe.eu\\\/en\\\/2024\\\/10\\\/developpement-economique-le-souss-massa-lance-un-appel-aux-investisseurs\\\/#article\",\"isPartOf\":{\"@id\":\"https:\\\/\\\/cmcibe.eu\\\/en\\\/2024\\\/10\\\/developpement-economique-le-souss-massa-lance-un-appel-aux-investisseurs\\\/\"},\"author\":{\"name\":\"Gadiros Consulting\",\"@id\":\"https:\\\/\\\/cmcibe.eu\\\/en\\\/#\\\/schema\\\/person\\\/df5087142774045573847ae69341f2c3\"},\"headline\":\"D\u00e9veloppement \u00e9conomique : Le Souss Massa lance un appel aux investisseurs\",\"datePublished\":\"2024-10-24T10:58:41+00:00\",\"dateModified\":\"2024-10-30T09:08:33+00:00\",\"mainEntityOfPage\":{\"@id\":\"https:\\\/\\\/cmcibe.eu\\\/en\\\/2024\\\/10\\\/developpement-economique-le-souss-massa-lance-un-appel-aux-investisseurs\\\/\"},\"wordCount\":298,\"publisher\":{\"@id\":\"https:\\\/\\\/cmcibe.eu\\\/en\\\/#organization\"},\"image\":{\"@id\":\"https:\\\/\\\/cmcibe.eu\\\/en\\\/2024\\\/10\\\/developpement-economique-le-souss-massa-lance-un-appel-aux-investisseurs\\\/#primaryimage\"},\"thumbnailUrl\":\"https:\\\/\\\/cmcibe.eu\\\/wp-content\\\/uploads\\\/2024\\\/10\\\/developpement-economique-le-souss-massa-lance-un-appel-aux-investisseurs.jpg\",\"articleSection\":[\"Actualit\u00e9s\"],\"inLanguage\":\"en-US\"},{\"@type\":\"WebPage\",\"@id\":\"https:\\\/\\\/cmcibe.eu\\\/en\\\/2024\\\/10\\\/developpement-economique-le-souss-massa-lance-un-appel-aux-investisseurs\\\/\",\"url\":\"https:\\\/\\\/cmcibe.eu\\\/en\\\/2024\\\/10\\\/developpement-economique-le-souss-massa-lance-un-appel-aux-investisseurs\\\/\",\"name\":\"D\u00e9veloppement \u00e9conomique : Le Souss Massa lance un appel aux investisseurs - CMCIBE\",\"isPartOf\":{\"@id\":\"https:\\\/\\\/cmcibe.eu\\\/en\\\/#website\"},\"primaryImageOfPage\":{\"@id\":\"https:\\\/\\\/cmcibe.eu\\\/en\\\/2024\\\/10\\\/developpement-economique-le-souss-massa-lance-un-appel-aux-investisseurs\\\/#primaryimage\"},\"image\":{\"@id\":\"https:\\\/\\\/cmcibe.eu\\\/en\\\/2024\\\/10\\\/developpement-economique-le-souss-massa-lance-un-appel-aux-investisseurs\\\/#primaryimage\"},\"thumbnailUrl\":\"https:\\\/\\\/cmcibe.eu\\\/wp-content\\\/uploads\\\/2024\\\/10\\\/developpement-economique-le-souss-massa-lance-un-appel-aux-investisseurs.jpg\",\"datePublished\":\"2024-10-24T10:58:41+00:00\",\"dateModified\":\"2024-10-30T09:08:33+00:00\",\"description\":\"D\u00e9veloppement \u00e9conomique : Le Souss Massa lance un appel aux investisseurs | Actualit\u00e9s - La Chambre Marocaine de Commerce & d\u2019Industrie BE\",\"breadcrumb\":{\"@id\":\"https:\\\/\\\/cmcibe.eu\\\/en\\\/2024\\\/10\\\/developpement-economique-le-souss-massa-lance-un-appel-aux-investisseurs\\\/#breadcrumb\"},\"inLanguage\":\"en-US\",\"potentialAction\":[{\"@type\":\"ReadAction\",\"target\":[\"https:\\\/\\\/cmcibe.eu\\\/en\\\/2024\\\/10\\\/developpement-economique-le-souss-massa-lance-un-appel-aux-investisseurs\\\/\"]}]},{\"@type\":\"ImageObject\",\"inLanguage\":\"en-US\",\"@id\":\"https:\\\/\\\/cmcibe.eu\\\/en\\\/2024\\\/10\\\/developpement-economique-le-souss-massa-lance-un-appel-aux-investisseurs\\\/#primaryimage\",\"url\":\"https:\\\/\\\/cmcibe.eu\\\/wp-content\\\/uploads\\\/2024\\\/10\\\/developpement-economique-le-souss-massa-lance-un-appel-aux-investisseurs.jpg\",\"contentUrl\":\"https:\\\/\\\/cmcibe.eu\\\/wp-content\\\/uploads\\\/2024\\\/10\\\/developpement-economique-le-souss-massa-lance-un-appel-aux-investisseurs.jpg\",\"width\":1080,\"height\":1080},{\"@type\":\"BreadcrumbList\",\"@id\":\"https:\\\/\\\/cmcibe.eu\\\/en\\\/2024\\\/10\\\/developpement-economique-le-souss-massa-lance-un-appel-aux-investisseurs\\\/#breadcrumb\",\"itemListElement\":[{\"@type\":\"ListItem\",\"position\":1,\"name\":\"Home\",\"item\":\"https:\\\/\\\/cmcibe.eu\\\/en\\\/home-2\\\/\"},{\"@type\":\"ListItem\",\"position\":2,\"name\":\"D\u00e9veloppement \u00e9conomique : Le Souss Massa lance un appel aux investisseurs\"}]},{\"@type\":\"WebSite\",\"@id\":\"https:\\\/\\\/cmcibe.eu\\\/en\\\/#website\",\"url\":\"https:\\\/\\\/cmcibe.eu\\\/en\\\/\",\"name\":\"CMCIBE\",\"description\":\"La Chambre Marocaine de Commerce &amp; d\u2019Industrie Belgique Union Europ\u00e9enne\",\"publisher\":{\"@id\":\"https:\\\/\\\/cmcibe.eu\\\/en\\\/#organization\"},\"potentialAction\":[{\"@type\":\"SearchAction\",\"target\":{\"@type\":\"EntryPoint\",\"urlTemplate\":\"https:\\\/\\\/cmcibe.eu\\\/en\\\/?s={search_term_string}\"},\"query-input\":{\"@type\":\"PropertyValueSpecification\",\"valueRequired\":true,\"valueName\":\"search_term_string\"}}],\"inLanguage\":\"en-US\"},{\"@type\":\"Organization\",\"@id\":\"https:\\\/\\\/cmcibe.eu\\\/en\\\/#organization\",\"name\":\"Chambre Marocaine de Commerce & d\u2019Industrie Belgique Union Europ\u00e9enne\",\"url\":\"https:\\\/\\\/cmcibe.eu\\\/en\\\/\",\"logo\":{\"@type\":\"ImageObject\",\"inLanguage\":\"en-US\",\"@id\":\"https:\\\/\\\/cmcibe.eu\\\/en\\\/#\\\/schema\\\/logo\\\/image\\\/\",\"url\":\"https:\\\/\\\/cmcibe.eu\\\/wp-content\\\/uploads\\\/2023\\\/08\\\/logo-cmcibe.jpg\",\"contentUrl\":\"https:\\\/\\\/cmcibe.eu\\\/wp-content\\\/uploads\\\/2023\\\/08\\\/logo-cmcibe.jpg\",\"width\":850,\"height\":850,\"caption\":\"Chambre Marocaine de Commerce & d\u2019Industrie Belgique Union Europ\u00e9enne\"},\"image\":{\"@id\":\"https:\\\/\\\/cmcibe.eu\\\/en\\\/#\\\/schema\\\/logo\\\/image\\\/\"}},{\"@type\":\"Person\",\"@id\":\"https:\\\/\\\/cmcibe.eu\\\/en\\\/#\\\/schema\\\/person\\\/df5087142774045573847ae69341f2c3\",\"name\":\"Gadiros Consulting\",\"image\":{\"@type\":\"ImageObject\",\"inLanguage\":\"en-US\",\"@id\":\"https:\\\/\\\/secure.gravatar.com\\\/avatar\\\/9ee2e02fa65b15cc6908dbd562c96b7ad1a5afff3d08a499b528b0c33c7d84d8?s=96&d=mm&r=g\",\"url\":\"https:\\\/\\\/secure.gravatar.com\\\/avatar\\\/9ee2e02fa65b15cc6908dbd562c96b7ad1a5afff3d08a499b528b0c33c7d84d8?s=96&d=mm&r=g\",\"contentUrl\":\"https:\\\/\\\/secure.gravatar.com\\\/avatar\\\/9ee2e02fa65b15cc6908dbd562c96b7ad1a5afff3d08a499b528b0c33c7d84d8?s=96&d=mm&r=g\",\"caption\":\"Gadiros Consulting\"}}]}<\/script>\n<!-- \/ Yoast SEO plugin. -->","yoast_head_json":{"title":"D\u00e9veloppement \u00e9conomique : Le Souss Massa lance un appel aux investisseurs - CMCIBE","description":"D\u00e9veloppement \u00e9conomique : Le Souss Massa lance un appel aux investisseurs | Actualit\u00e9s - La Chambre Marocaine de Commerce & d\u2019Industrie BE","robots":{"index":"index","follow":"follow","max-snippet":"max-snippet:-1","max-image-preview":"max-image-preview:large","max-video-preview":"max-video-preview:-1"},"canonical":"https:\/\/cmcibe.eu\/en\/2024\/10\/developpement-economique-le-souss-massa-lance-un-appel-aux-investisseurs\/","og_locale":"en_US","og_type":"article","og_title":"D\u00e9veloppement \u00e9conomique : Le Souss Massa lance un appel aux investisseurs - CMCIBE","og_description":"D\u00e9veloppement \u00e9conomique : Le Souss Massa lance un appel aux investisseurs | Actualit\u00e9s - La Chambre Marocaine de Commerce & d\u2019Industrie BE","og_url":"https:\/\/cmcibe.eu\/en\/2024\/10\/developpement-economique-le-souss-massa-lance-un-appel-aux-investisseurs\/","og_site_name":"CMCIBE","article_published_time":"2024-10-24T10:58:41+00:00","article_modified_time":"2024-10-30T09:08:33+00:00","og_image":[{"width":1080,"height":1080,"url":"https:\/\/cmcibe.eu\/wp-content\/uploads\/2024\/10\/developpement-economique-le-souss-massa-lance-un-appel-aux-investisseurs.jpg","type":"image\/jpeg"}],"author":"Gadiros Consulting","twitter_card":"summary_large_image","twitter_misc":{"Written by":"Gadiros Consulting","Est. reading time":"2 minutes"},"schema":{"@context":"https:\/\/schema.org","@graph":[{"@type":"Article","@id":"https:\/\/cmcibe.eu\/en\/2024\/10\/developpement-economique-le-souss-massa-lance-un-appel-aux-investisseurs\/#article","isPartOf":{"@id":"https:\/\/cmcibe.eu\/en\/2024\/10\/developpement-economique-le-souss-massa-lance-un-appel-aux-investisseurs\/"},"author":{"name":"Gadiros Consulting","@id":"https:\/\/cmcibe.eu\/en\/#\/schema\/person\/df5087142774045573847ae69341f2c3"},"headline":"D\u00e9veloppement \u00e9conomique : Le Souss Massa lance un appel aux investisseurs","datePublished":"2024-10-24T10:58:41+00:00","dateModified":"2024-10-30T09:08:33+00:00","mainEntityOfPage":{"@id":"https:\/\/cmcibe.eu\/en\/2024\/10\/developpement-economique-le-souss-massa-lance-un-appel-aux-investisseurs\/"},"wordCount":298,"publisher":{"@id":"https:\/\/cmcibe.eu\/en\/#organization"},"image":{"@id":"https:\/\/cmcibe.eu\/en\/2024\/10\/developpement-economique-le-souss-massa-lance-un-appel-aux-investisseurs\/#primaryimage"},"thumbnailUrl":"https:\/\/cmcibe.eu\/wp-content\/uploads\/2024\/10\/developpement-economique-le-souss-massa-lance-un-appel-aux-investisseurs.jpg","articleSection":["Actualit\u00e9s"],"inLanguage":"en-US"},{"@type":"WebPage","@id":"https:\/\/cmcibe.eu\/en\/2024\/10\/developpement-economique-le-souss-massa-lance-un-appel-aux-investisseurs\/","url":"https:\/\/cmcibe.eu\/en\/2024\/10\/developpement-economique-le-souss-massa-lance-un-appel-aux-investisseurs\/","name":"D\u00e9veloppement \u00e9conomique : Le Souss Massa lance un appel aux investisseurs - CMCIBE","isPartOf":{"@id":"https:\/\/cmcibe.eu\/en\/#website"},"primaryImageOfPage":{"@id":"https:\/\/cmcibe.eu\/en\/2024\/10\/developpement-economique-le-souss-massa-lance-un-appel-aux-investisseurs\/#primaryimage"},"image":{"@id":"https:\/\/cmcibe.eu\/en\/2024\/10\/developpement-economique-le-souss-massa-lance-un-appel-aux-investisseurs\/#primaryimage"},"thumbnailUrl":"https:\/\/cmcibe.eu\/wp-content\/uploads\/2024\/10\/developpement-economique-le-souss-massa-lance-un-appel-aux-investisseurs.jpg","datePublished":"2024-10-24T10:58:41+00:00","dateModified":"2024-10-30T09:08:33+00:00","description":"D\u00e9veloppement \u00e9conomique : Le Souss Massa lance un appel aux investisseurs | Actualit\u00e9s - La Chambre Marocaine de Commerce & d\u2019Industrie BE","breadcrumb":{"@id":"https:\/\/cmcibe.eu\/en\/2024\/10\/developpement-economique-le-souss-massa-lance-un-appel-aux-investisseurs\/#breadcrumb"},"inLanguage":"en-US","potentialAction":[{"@type":"ReadAction","target":["https:\/\/cmcibe.eu\/en\/2024\/10\/developpement-economique-le-souss-massa-lance-un-appel-aux-investisseurs\/"]}]},{"@type":"ImageObject","inLanguage":"en-US","@id":"https:\/\/cmcibe.eu\/en\/2024\/10\/developpement-economique-le-souss-massa-lance-un-appel-aux-investisseurs\/#primaryimage","url":"https:\/\/cmcibe.eu\/wp-content\/uploads\/2024\/10\/developpement-economique-le-souss-massa-lance-un-appel-aux-investisseurs.jpg","contentUrl":"https:\/\/cmcibe.eu\/wp-content\/uploads\/2024\/10\/developpement-economique-le-souss-massa-lance-un-appel-aux-investisseurs.jpg","width":1080,"height":1080},{"@type":"BreadcrumbList","@id":"https:\/\/cmcibe.eu\/en\/2024\/10\/developpement-economique-le-souss-massa-lance-un-appel-aux-investisseurs\/#breadcrumb","itemListElement":[{"@type":"ListItem","position":1,"name":"Home","item":"https:\/\/cmcibe.eu\/en\/home-2\/"},{"@type":"ListItem","position":2,"name":"D\u00e9veloppement \u00e9conomique : Le Souss Massa lance un appel aux investisseurs"}]},{"@type":"WebSite","@id":"https:\/\/cmcibe.eu\/en\/#website","url":"https:\/\/cmcibe.eu\/en\/","name":"CMCIBE","description":"La Chambre Marocaine de Commerce &amp; d\u2019Industrie Belgique Union Europ\u00e9enne","publisher":{"@id":"https:\/\/cmcibe.eu\/en\/#organization"},"potentialAction":[{"@type":"SearchAction","target":{"@type":"EntryPoint","urlTemplate":"https:\/\/cmcibe.eu\/en\/?s={search_term_string}"},"query-input":{"@type":"PropertyValueSpecification","valueRequired":true,"valueName":"search_term_string"}}],"inLanguage":"en-US"},{"@type":"Organization","@id":"https:\/\/cmcibe.eu\/en\/#organization","name":"Chambre Marocaine de Commerce & d\u2019Industrie Belgique Union Europ\u00e9enne","url":"https:\/\/cmcibe.eu\/en\/","logo":{"@type":"ImageObject","inLanguage":"en-US","@id":"https:\/\/cmcibe.eu\/en\/#\/schema\/logo\/image\/","url":"https:\/\/cmcibe.eu\/wp-content\/uploads\/2023\/08\/logo-cmcibe.jpg","contentUrl":"https:\/\/cmcibe.eu\/wp-content\/uploads\/2023\/08\/logo-cmcibe.jpg","width":850,"height":850,"caption":"Chambre Marocaine de Commerce & d\u2019Industrie Belgique Union Europ\u00e9enne"},"image":{"@id":"https:\/\/cmcibe.eu\/en\/#\/schema\/logo\/image\/"}},{"@type":"Person","@id":"https:\/\/cmcibe.eu\/en\/#\/schema\/person\/df5087142774045573847ae69341f2c3","name":"Gadiros Consulting","image":{"@type":"ImageObject","inLanguage":"en-US","@id":"https:\/\/secure.gravatar.com\/avatar\/9ee2e02fa65b15cc6908dbd562c96b7ad1a5afff3d08a499b528b0c33c7d84d8?s=96&d=mm&r=g","url":"https:\/\/secure.gravatar.com\/avatar\/9ee2e02fa65b15cc6908dbd562c96b7ad1a5afff3d08a499b528b0c33c7d84d8?s=96&d=mm&r=g","contentUrl":"https:\/\/secure.gravatar.com\/avatar\/9ee2e02fa65b15cc6908dbd562c96b7ad1a5afff3d08a499b528b0c33c7d84d8?s=96&d=mm&r=g","caption":"Gadiros Consulting"}}]}},"_links":{"self":[{"href":"https:\/\/cmcibe.eu\/en\/wp-json\/wp\/v2\/posts\/2454","targetHints":{"allow":["GET"]}}],"collection":[{"href":"https:\/\/cmcibe.eu\/en\/wp-json\/wp\/v2\/posts"}],"about":[{"href":"https:\/\/cmcibe.eu\/en\/wp-json\/wp\/v2\/types\/post"}],"author":[{"embeddable":true,"href":"https:\/\/cmcibe.eu\/en\/wp-json\/wp\/v2\/users\/2"}],"replies":[{"embeddable":true,"href":"https:\/\/cmcibe.eu\/en\/wp-json\/wp\/v2\/comments?post=2454"}],"version-history":[{"count":0,"href":"https:\/\/cmcibe.eu\/en\/wp-json\/wp\/v2\/posts\/2454\/revisions"}],"wp:featuredmedia":[{"embeddable":true,"href":"https:\/\/cmcibe.eu\/en\/wp-json\/wp\/v2\/media\/2447"}],"wp:attachment":[{"href":"https:\/\/cmcibe.eu\/en\/wp-json\/wp\/v2\/media?parent=2454"}],"wp:term":[{"taxonomy":"category","embeddable":true,"href":"https:\/\/cmcibe.eu\/en\/wp-json\/wp\/v2\/categories?post=2454"},{"taxonomy":"post_tag","embeddable":true,"href":"https:\/\/cmcibe.eu\/en\/wp-json\/wp\/v2\/tags?post=2454"}],"curies":[{"name":"wp","href":"https:\/\/api.w.org\/{rel}","templated":true}]}}