{"id":1763,"date":"2024-07-02T15:56:57","date_gmt":"2024-07-02T13:56:57","guid":{"rendered":"https:\/\/cmcibe.eu\/2024\/07\/les-etats-unis-et-le-maroc-determines-a-consolider-leur-partenariat-commercial\/"},"modified":"2024-10-30T11:10:51","modified_gmt":"2024-10-30T09:10:51","slug":"les-etats-unis-et-le-maroc-determines-a-consolider-leur-partenariat-commercial","status":"publish","type":"post","link":"https:\/\/cmcibe.eu\/en\/2024\/07\/les-etats-unis-et-le-maroc-determines-a-consolider-leur-partenariat-commercial\/","title":{"rendered":"Les \u00c9tats-Unis et le Maroc d\u00e9termin\u00e9s \u00e0 consolider leur partenariat commercial"},"content":{"rendered":"<div style=\"margin-top: 0px; margin-bottom: 0px;\" class=\"sharethis-inline-share-buttons\" ><\/div><p>Lors de la c\u00e9r\u00e9monie d\u2019ouverture marqu\u00e9e par la pr\u00e9sence de l\u2019ambassadeur du Maroc \u00e0 Washington, Youssef Amrani, et de nombreux responsables am\u00e9ricains, l&#8217;accent a \u00e9t\u00e9 mis sur les moyens de d\u00e9velopper davantage les relations commerciales entre le Maroc et les \u00c9tats-Unis. L\u2019objectif est de renforcer l&#8217;Accord de libre-\u00e9change (ALE) en mettant l\u2019accent sur des secteurs cl\u00e9s comme l\u2019agriculture, le textile, l\u2019investissement et l\u2019automobile.<\/p>\n<p>Mezzour a soulign\u00e9 que le Maroc est un partenaire de choix, cr\u00e9dible et fiable pour les \u00c9tats-Unis, gr\u00e2ce \u00e0 un climat \u00e9conomique favorable aux investissements et une capacit\u00e9 particuli\u00e8re \u00e0 op\u00e9rer de mani\u00e8re strat\u00e9gique dans ses relations avec ce pays. Il a mis en avant les progr\u00e8s r\u00e9alis\u00e9s au cours des vingt ann\u00e9es de mise en \u0153uvre de l\u2019ALE, tout en appelant \u00e0 redoubler d\u2019efforts pour pleinement capitaliser sur cette coop\u00e9ration.<\/p>\n<p>Il a \u00e9galement \u00e9voqu\u00e9 une s\u00e9rie de questions prioritaires pour am\u00e9liorer l&#8217;acc\u00e8s des produits marocains au march\u00e9 am\u00e9ricain et vice-versa, en s\u2019attardant sur les d\u00e9fis li\u00e9s aux barri\u00e8res non tarifaires. Mezzour a pass\u00e9 en revue plusieurs domaines structurants pour les \u00e9changes commerciaux, y compris la coop\u00e9ration dans l\u2019agriculture, le textile et l\u2019automobile, en insistant sur l\u2019importance de l\u2019investissement.<\/p>\n","protected":false},"excerpt":{"rendered":"<p>Lors de la c\u00e9r\u00e9monie d\u2019ouverture marqu\u00e9e par la pr\u00e9sence de l\u2019ambassadeur du Maroc \u00e0 Washington, Youssef Amrani, et de nombreux responsables am\u00e9ricains, l&#8217;accent a \u00e9t\u00e9 mis sur les moyens de d\u00e9velopper davantage les relations commerciales entre le Maroc et les \u00c9tats-Unis. L\u2019objectif est de renforcer l&#8217;Accord de libre-\u00e9change (ALE) en mettant l\u2019accent sur des secteurs [&hellip;]<\/p>\n","protected":false},"author":2,"featured_media":1701,"comment_status":"closed","ping_status":"open","sticky":false,"template":"","format":"standard","meta":{"_acf_changed":false,"footnotes":""},"categories":[16],"tags":[],"class_list":["post-1763","post","type-post","status-publish","format-standard","has-post-thumbnail","hentry","category-actualites-en"],"acf":[],"yoast_head":"<!-- This site is optimized with the Yoast SEO plugin v27.4 - https:\/\/yoast.com\/product\/yoast-seo-wordpress\/ -->\n<title>Les \u00c9tats-Unis et le Maroc d\u00e9termin\u00e9s \u00e0 consolider leur partenariat commercial - CMCIBE<\/title>\n<meta name=\"description\" content=\"Les \u00c9tats-Unis et le Maroc d\u00e9termin\u00e9s \u00e0 consolider leur partenariat commercial | - La Chambre Marocaine de Commerce &amp; d\u2019Industrie BE\" \/>\n<meta name=\"robots\" content=\"index, follow, max-snippet:-1, max-image-preview:large, max-video-preview:-1\" \/>\n<link rel=\"canonical\" href=\"https:\/\/cmcibe.eu\/en\/2024\/07\/les-etats-unis-et-le-maroc-determines-a-consolider-leur-partenariat-commercial\/\" \/>\n<meta property=\"og:locale\" content=\"en_US\" \/>\n<meta property=\"og:type\" content=\"article\" \/>\n<meta property=\"og:title\" content=\"Les \u00c9tats-Unis et le Maroc d\u00e9termin\u00e9s \u00e0 consolider leur partenariat commercial - CMCIBE\" \/>\n<meta property=\"og:description\" content=\"Les \u00c9tats-Unis et le Maroc d\u00e9termin\u00e9s \u00e0 consolider leur partenariat commercial | - La Chambre Marocaine de Commerce &amp; d\u2019Industrie BE\" \/>\n<meta property=\"og:url\" content=\"https:\/\/cmcibe.eu\/en\/2024\/07\/les-etats-unis-et-le-maroc-determines-a-consolider-leur-partenariat-commercial\/\" \/>\n<meta property=\"og:site_name\" content=\"CMCIBE\" \/>\n<meta property=\"article:published_time\" content=\"2024-07-02T13:56:57+00:00\" \/>\n<meta property=\"article:modified_time\" content=\"2024-10-30T09:10:51+00:00\" \/>\n<meta property=\"og:image\" content=\"https:\/\/cmcibe.eu\/wp-content\/uploads\/2024\/07\/les-etats-unis-et-le-maroc-determines-a-consolider-leur-partenariat-commercial.jpg\" \/>\n\t<meta property=\"og:image:width\" content=\"1080\" \/>\n\t<meta property=\"og:image:height\" content=\"1080\" \/>\n\t<meta property=\"og:image:type\" content=\"image\/jpeg\" \/>\n<meta name=\"author\" content=\"Gadiros Consulting\" \/>\n<meta name=\"twitter:card\" content=\"summary_large_image\" \/>\n<meta name=\"twitter:label1\" content=\"Written by\" \/>\n\t<meta name=\"twitter:data1\" content=\"Gadiros Consulting\" \/>\n\t<meta name=\"twitter:label2\" content=\"Est. reading time\" \/>\n\t<meta name=\"twitter:data2\" content=\"2 minutes\" \/>\n<script type=\"application\/ld+json\" class=\"yoast-schema-graph\">{\"@context\":\"https:\\\/\\\/schema.org\",\"@graph\":[{\"@type\":\"Article\",\"@id\":\"https:\\\/\\\/cmcibe.eu\\\/en\\\/2024\\\/07\\\/les-etats-unis-et-le-maroc-determines-a-consolider-leur-partenariat-commercial\\\/#article\",\"isPartOf\":{\"@id\":\"https:\\\/\\\/cmcibe.eu\\\/en\\\/2024\\\/07\\\/les-etats-unis-et-le-maroc-determines-a-consolider-leur-partenariat-commercial\\\/\"},\"author\":{\"name\":\"Gadiros Consulting\",\"@id\":\"https:\\\/\\\/cmcibe.eu\\\/en\\\/#\\\/schema\\\/person\\\/df5087142774045573847ae69341f2c3\"},\"headline\":\"Les \u00c9tats-Unis et le Maroc d\u00e9termin\u00e9s \u00e0 consolider leur partenariat commercial\",\"datePublished\":\"2024-07-02T13:56:57+00:00\",\"dateModified\":\"2024-10-30T09:10:51+00:00\",\"mainEntityOfPage\":{\"@id\":\"https:\\\/\\\/cmcibe.eu\\\/en\\\/2024\\\/07\\\/les-etats-unis-et-le-maroc-determines-a-consolider-leur-partenariat-commercial\\\/\"},\"wordCount\":244,\"publisher\":{\"@id\":\"https:\\\/\\\/cmcibe.eu\\\/en\\\/#organization\"},\"image\":{\"@id\":\"https:\\\/\\\/cmcibe.eu\\\/en\\\/2024\\\/07\\\/les-etats-unis-et-le-maroc-determines-a-consolider-leur-partenariat-commercial\\\/#primaryimage\"},\"thumbnailUrl\":\"https:\\\/\\\/cmcibe.eu\\\/wp-content\\\/uploads\\\/2024\\\/07\\\/les-etats-unis-et-le-maroc-determines-a-consolider-leur-partenariat-commercial.jpg\",\"articleSection\":[\"Actualit\u00e9s\"],\"inLanguage\":\"en-US\"},{\"@type\":\"WebPage\",\"@id\":\"https:\\\/\\\/cmcibe.eu\\\/en\\\/2024\\\/07\\\/les-etats-unis-et-le-maroc-determines-a-consolider-leur-partenariat-commercial\\\/\",\"url\":\"https:\\\/\\\/cmcibe.eu\\\/en\\\/2024\\\/07\\\/les-etats-unis-et-le-maroc-determines-a-consolider-leur-partenariat-commercial\\\/\",\"name\":\"Les \u00c9tats-Unis et le Maroc d\u00e9termin\u00e9s \u00e0 consolider leur partenariat commercial - CMCIBE\",\"isPartOf\":{\"@id\":\"https:\\\/\\\/cmcibe.eu\\\/en\\\/#website\"},\"primaryImageOfPage\":{\"@id\":\"https:\\\/\\\/cmcibe.eu\\\/en\\\/2024\\\/07\\\/les-etats-unis-et-le-maroc-determines-a-consolider-leur-partenariat-commercial\\\/#primaryimage\"},\"image\":{\"@id\":\"https:\\\/\\\/cmcibe.eu\\\/en\\\/2024\\\/07\\\/les-etats-unis-et-le-maroc-determines-a-consolider-leur-partenariat-commercial\\\/#primaryimage\"},\"thumbnailUrl\":\"https:\\\/\\\/cmcibe.eu\\\/wp-content\\\/uploads\\\/2024\\\/07\\\/les-etats-unis-et-le-maroc-determines-a-consolider-leur-partenariat-commercial.jpg\",\"datePublished\":\"2024-07-02T13:56:57+00:00\",\"dateModified\":\"2024-10-30T09:10:51+00:00\",\"description\":\"Les \u00c9tats-Unis et le Maroc d\u00e9termin\u00e9s \u00e0 consolider leur partenariat commercial | - La Chambre Marocaine de Commerce & d\u2019Industrie BE\",\"breadcrumb\":{\"@id\":\"https:\\\/\\\/cmcibe.eu\\\/en\\\/2024\\\/07\\\/les-etats-unis-et-le-maroc-determines-a-consolider-leur-partenariat-commercial\\\/#breadcrumb\"},\"inLanguage\":\"en-US\",\"potentialAction\":[{\"@type\":\"ReadAction\",\"target\":[\"https:\\\/\\\/cmcibe.eu\\\/en\\\/2024\\\/07\\\/les-etats-unis-et-le-maroc-determines-a-consolider-leur-partenariat-commercial\\\/\"]}]},{\"@type\":\"ImageObject\",\"inLanguage\":\"en-US\",\"@id\":\"https:\\\/\\\/cmcibe.eu\\\/en\\\/2024\\\/07\\\/les-etats-unis-et-le-maroc-determines-a-consolider-leur-partenariat-commercial\\\/#primaryimage\",\"url\":\"https:\\\/\\\/cmcibe.eu\\\/wp-content\\\/uploads\\\/2024\\\/07\\\/les-etats-unis-et-le-maroc-determines-a-consolider-leur-partenariat-commercial.jpg\",\"contentUrl\":\"https:\\\/\\\/cmcibe.eu\\\/wp-content\\\/uploads\\\/2024\\\/07\\\/les-etats-unis-et-le-maroc-determines-a-consolider-leur-partenariat-commercial.jpg\",\"width\":1080,\"height\":1080},{\"@type\":\"BreadcrumbList\",\"@id\":\"https:\\\/\\\/cmcibe.eu\\\/en\\\/2024\\\/07\\\/les-etats-unis-et-le-maroc-determines-a-consolider-leur-partenariat-commercial\\\/#breadcrumb\",\"itemListElement\":[{\"@type\":\"ListItem\",\"position\":1,\"name\":\"Home\",\"item\":\"https:\\\/\\\/cmcibe.eu\\\/en\\\/home-2\\\/\"},{\"@type\":\"ListItem\",\"position\":2,\"name\":\"Les \u00c9tats-Unis et le Maroc d\u00e9termin\u00e9s \u00e0 consolider leur partenariat commercial\"}]},{\"@type\":\"WebSite\",\"@id\":\"https:\\\/\\\/cmcibe.eu\\\/en\\\/#website\",\"url\":\"https:\\\/\\\/cmcibe.eu\\\/en\\\/\",\"name\":\"CMCIBE\",\"description\":\"La Chambre Marocaine de Commerce &amp; d\u2019Industrie Belgique Union Europ\u00e9enne\",\"publisher\":{\"@id\":\"https:\\\/\\\/cmcibe.eu\\\/en\\\/#organization\"},\"potentialAction\":[{\"@type\":\"SearchAction\",\"target\":{\"@type\":\"EntryPoint\",\"urlTemplate\":\"https:\\\/\\\/cmcibe.eu\\\/en\\\/?s={search_term_string}\"},\"query-input\":{\"@type\":\"PropertyValueSpecification\",\"valueRequired\":true,\"valueName\":\"search_term_string\"}}],\"inLanguage\":\"en-US\"},{\"@type\":\"Organization\",\"@id\":\"https:\\\/\\\/cmcibe.eu\\\/en\\\/#organization\",\"name\":\"Chambre Marocaine de Commerce & d\u2019Industrie Belgique Union Europ\u00e9enne\",\"url\":\"https:\\\/\\\/cmcibe.eu\\\/en\\\/\",\"logo\":{\"@type\":\"ImageObject\",\"inLanguage\":\"en-US\",\"@id\":\"https:\\\/\\\/cmcibe.eu\\\/en\\\/#\\\/schema\\\/logo\\\/image\\\/\",\"url\":\"https:\\\/\\\/cmcibe.eu\\\/wp-content\\\/uploads\\\/2023\\\/08\\\/logo-cmcibe.jpg\",\"contentUrl\":\"https:\\\/\\\/cmcibe.eu\\\/wp-content\\\/uploads\\\/2023\\\/08\\\/logo-cmcibe.jpg\",\"width\":850,\"height\":850,\"caption\":\"Chambre Marocaine de Commerce & d\u2019Industrie Belgique Union Europ\u00e9enne\"},\"image\":{\"@id\":\"https:\\\/\\\/cmcibe.eu\\\/en\\\/#\\\/schema\\\/logo\\\/image\\\/\"}},{\"@type\":\"Person\",\"@id\":\"https:\\\/\\\/cmcibe.eu\\\/en\\\/#\\\/schema\\\/person\\\/df5087142774045573847ae69341f2c3\",\"name\":\"Gadiros Consulting\",\"image\":{\"@type\":\"ImageObject\",\"inLanguage\":\"en-US\",\"@id\":\"https:\\\/\\\/secure.gravatar.com\\\/avatar\\\/9ee2e02fa65b15cc6908dbd562c96b7ad1a5afff3d08a499b528b0c33c7d84d8?s=96&d=mm&r=g\",\"url\":\"https:\\\/\\\/secure.gravatar.com\\\/avatar\\\/9ee2e02fa65b15cc6908dbd562c96b7ad1a5afff3d08a499b528b0c33c7d84d8?s=96&d=mm&r=g\",\"contentUrl\":\"https:\\\/\\\/secure.gravatar.com\\\/avatar\\\/9ee2e02fa65b15cc6908dbd562c96b7ad1a5afff3d08a499b528b0c33c7d84d8?s=96&d=mm&r=g\",\"caption\":\"Gadiros Consulting\"}}]}<\/script>\n<!-- \/ Yoast SEO plugin. -->","yoast_head_json":{"title":"Les \u00c9tats-Unis et le Maroc d\u00e9termin\u00e9s \u00e0 consolider leur partenariat commercial - CMCIBE","description":"Les \u00c9tats-Unis et le Maroc d\u00e9termin\u00e9s \u00e0 consolider leur partenariat commercial | - La Chambre Marocaine de Commerce & d\u2019Industrie BE","robots":{"index":"index","follow":"follow","max-snippet":"max-snippet:-1","max-image-preview":"max-image-preview:large","max-video-preview":"max-video-preview:-1"},"canonical":"https:\/\/cmcibe.eu\/en\/2024\/07\/les-etats-unis-et-le-maroc-determines-a-consolider-leur-partenariat-commercial\/","og_locale":"en_US","og_type":"article","og_title":"Les \u00c9tats-Unis et le Maroc d\u00e9termin\u00e9s \u00e0 consolider leur partenariat commercial - CMCIBE","og_description":"Les \u00c9tats-Unis et le Maroc d\u00e9termin\u00e9s \u00e0 consolider leur partenariat commercial | - La Chambre Marocaine de Commerce & d\u2019Industrie BE","og_url":"https:\/\/cmcibe.eu\/en\/2024\/07\/les-etats-unis-et-le-maroc-determines-a-consolider-leur-partenariat-commercial\/","og_site_name":"CMCIBE","article_published_time":"2024-07-02T13:56:57+00:00","article_modified_time":"2024-10-30T09:10:51+00:00","og_image":[{"width":1080,"height":1080,"url":"https:\/\/cmcibe.eu\/wp-content\/uploads\/2024\/07\/les-etats-unis-et-le-maroc-determines-a-consolider-leur-partenariat-commercial.jpg","type":"image\/jpeg"}],"author":"Gadiros Consulting","twitter_card":"summary_large_image","twitter_misc":{"Written by":"Gadiros Consulting","Est. reading time":"2 minutes"},"schema":{"@context":"https:\/\/schema.org","@graph":[{"@type":"Article","@id":"https:\/\/cmcibe.eu\/en\/2024\/07\/les-etats-unis-et-le-maroc-determines-a-consolider-leur-partenariat-commercial\/#article","isPartOf":{"@id":"https:\/\/cmcibe.eu\/en\/2024\/07\/les-etats-unis-et-le-maroc-determines-a-consolider-leur-partenariat-commercial\/"},"author":{"name":"Gadiros Consulting","@id":"https:\/\/cmcibe.eu\/en\/#\/schema\/person\/df5087142774045573847ae69341f2c3"},"headline":"Les \u00c9tats-Unis et le Maroc d\u00e9termin\u00e9s \u00e0 consolider leur partenariat commercial","datePublished":"2024-07-02T13:56:57+00:00","dateModified":"2024-10-30T09:10:51+00:00","mainEntityOfPage":{"@id":"https:\/\/cmcibe.eu\/en\/2024\/07\/les-etats-unis-et-le-maroc-determines-a-consolider-leur-partenariat-commercial\/"},"wordCount":244,"publisher":{"@id":"https:\/\/cmcibe.eu\/en\/#organization"},"image":{"@id":"https:\/\/cmcibe.eu\/en\/2024\/07\/les-etats-unis-et-le-maroc-determines-a-consolider-leur-partenariat-commercial\/#primaryimage"},"thumbnailUrl":"https:\/\/cmcibe.eu\/wp-content\/uploads\/2024\/07\/les-etats-unis-et-le-maroc-determines-a-consolider-leur-partenariat-commercial.jpg","articleSection":["Actualit\u00e9s"],"inLanguage":"en-US"},{"@type":"WebPage","@id":"https:\/\/cmcibe.eu\/en\/2024\/07\/les-etats-unis-et-le-maroc-determines-a-consolider-leur-partenariat-commercial\/","url":"https:\/\/cmcibe.eu\/en\/2024\/07\/les-etats-unis-et-le-maroc-determines-a-consolider-leur-partenariat-commercial\/","name":"Les \u00c9tats-Unis et le Maroc d\u00e9termin\u00e9s \u00e0 consolider leur partenariat commercial - CMCIBE","isPartOf":{"@id":"https:\/\/cmcibe.eu\/en\/#website"},"primaryImageOfPage":{"@id":"https:\/\/cmcibe.eu\/en\/2024\/07\/les-etats-unis-et-le-maroc-determines-a-consolider-leur-partenariat-commercial\/#primaryimage"},"image":{"@id":"https:\/\/cmcibe.eu\/en\/2024\/07\/les-etats-unis-et-le-maroc-determines-a-consolider-leur-partenariat-commercial\/#primaryimage"},"thumbnailUrl":"https:\/\/cmcibe.eu\/wp-content\/uploads\/2024\/07\/les-etats-unis-et-le-maroc-determines-a-consolider-leur-partenariat-commercial.jpg","datePublished":"2024-07-02T13:56:57+00:00","dateModified":"2024-10-30T09:10:51+00:00","description":"Les \u00c9tats-Unis et le Maroc d\u00e9termin\u00e9s \u00e0 consolider leur partenariat commercial | - La Chambre Marocaine de Commerce & d\u2019Industrie BE","breadcrumb":{"@id":"https:\/\/cmcibe.eu\/en\/2024\/07\/les-etats-unis-et-le-maroc-determines-a-consolider-leur-partenariat-commercial\/#breadcrumb"},"inLanguage":"en-US","potentialAction":[{"@type":"ReadAction","target":["https:\/\/cmcibe.eu\/en\/2024\/07\/les-etats-unis-et-le-maroc-determines-a-consolider-leur-partenariat-commercial\/"]}]},{"@type":"ImageObject","inLanguage":"en-US","@id":"https:\/\/cmcibe.eu\/en\/2024\/07\/les-etats-unis-et-le-maroc-determines-a-consolider-leur-partenariat-commercial\/#primaryimage","url":"https:\/\/cmcibe.eu\/wp-content\/uploads\/2024\/07\/les-etats-unis-et-le-maroc-determines-a-consolider-leur-partenariat-commercial.jpg","contentUrl":"https:\/\/cmcibe.eu\/wp-content\/uploads\/2024\/07\/les-etats-unis-et-le-maroc-determines-a-consolider-leur-partenariat-commercial.jpg","width":1080,"height":1080},{"@type":"BreadcrumbList","@id":"https:\/\/cmcibe.eu\/en\/2024\/07\/les-etats-unis-et-le-maroc-determines-a-consolider-leur-partenariat-commercial\/#breadcrumb","itemListElement":[{"@type":"ListItem","position":1,"name":"Home","item":"https:\/\/cmcibe.eu\/en\/home-2\/"},{"@type":"ListItem","position":2,"name":"Les \u00c9tats-Unis et le Maroc d\u00e9termin\u00e9s \u00e0 consolider leur partenariat commercial"}]},{"@type":"WebSite","@id":"https:\/\/cmcibe.eu\/en\/#website","url":"https:\/\/cmcibe.eu\/en\/","name":"CMCIBE","description":"La Chambre Marocaine de Commerce &amp; d\u2019Industrie Belgique Union Europ\u00e9enne","publisher":{"@id":"https:\/\/cmcibe.eu\/en\/#organization"},"potentialAction":[{"@type":"SearchAction","target":{"@type":"EntryPoint","urlTemplate":"https:\/\/cmcibe.eu\/en\/?s={search_term_string}"},"query-input":{"@type":"PropertyValueSpecification","valueRequired":true,"valueName":"search_term_string"}}],"inLanguage":"en-US"},{"@type":"Organization","@id":"https:\/\/cmcibe.eu\/en\/#organization","name":"Chambre Marocaine de Commerce & d\u2019Industrie Belgique Union Europ\u00e9enne","url":"https:\/\/cmcibe.eu\/en\/","logo":{"@type":"ImageObject","inLanguage":"en-US","@id":"https:\/\/cmcibe.eu\/en\/#\/schema\/logo\/image\/","url":"https:\/\/cmcibe.eu\/wp-content\/uploads\/2023\/08\/logo-cmcibe.jpg","contentUrl":"https:\/\/cmcibe.eu\/wp-content\/uploads\/2023\/08\/logo-cmcibe.jpg","width":850,"height":850,"caption":"Chambre Marocaine de Commerce & d\u2019Industrie Belgique Union Europ\u00e9enne"},"image":{"@id":"https:\/\/cmcibe.eu\/en\/#\/schema\/logo\/image\/"}},{"@type":"Person","@id":"https:\/\/cmcibe.eu\/en\/#\/schema\/person\/df5087142774045573847ae69341f2c3","name":"Gadiros Consulting","image":{"@type":"ImageObject","inLanguage":"en-US","@id":"https:\/\/secure.gravatar.com\/avatar\/9ee2e02fa65b15cc6908dbd562c96b7ad1a5afff3d08a499b528b0c33c7d84d8?s=96&d=mm&r=g","url":"https:\/\/secure.gravatar.com\/avatar\/9ee2e02fa65b15cc6908dbd562c96b7ad1a5afff3d08a499b528b0c33c7d84d8?s=96&d=mm&r=g","contentUrl":"https:\/\/secure.gravatar.com\/avatar\/9ee2e02fa65b15cc6908dbd562c96b7ad1a5afff3d08a499b528b0c33c7d84d8?s=96&d=mm&r=g","caption":"Gadiros Consulting"}}]}},"_links":{"self":[{"href":"https:\/\/cmcibe.eu\/en\/wp-json\/wp\/v2\/posts\/1763","targetHints":{"allow":["GET"]}}],"collection":[{"href":"https:\/\/cmcibe.eu\/en\/wp-json\/wp\/v2\/posts"}],"about":[{"href":"https:\/\/cmcibe.eu\/en\/wp-json\/wp\/v2\/types\/post"}],"author":[{"embeddable":true,"href":"https:\/\/cmcibe.eu\/en\/wp-json\/wp\/v2\/users\/2"}],"replies":[{"embeddable":true,"href":"https:\/\/cmcibe.eu\/en\/wp-json\/wp\/v2\/comments?post=1763"}],"version-history":[{"count":0,"href":"https:\/\/cmcibe.eu\/en\/wp-json\/wp\/v2\/posts\/1763\/revisions"}],"wp:featuredmedia":[{"embeddable":true,"href":"https:\/\/cmcibe.eu\/en\/wp-json\/wp\/v2\/media\/1701"}],"wp:attachment":[{"href":"https:\/\/cmcibe.eu\/en\/wp-json\/wp\/v2\/media?parent=1763"}],"wp:term":[{"taxonomy":"category","embeddable":true,"href":"https:\/\/cmcibe.eu\/en\/wp-json\/wp\/v2\/categories?post=1763"},{"taxonomy":"post_tag","embeddable":true,"href":"https:\/\/cmcibe.eu\/en\/wp-json\/wp\/v2\/tags?post=1763"}],"curies":[{"name":"wp","href":"https:\/\/api.w.org\/{rel}","templated":true}]}}